{"id":17169,"date":"2026-04-27T21:41:07","date_gmt":"2026-04-27T21:41:07","guid":{"rendered":"https:\/\/www.duzgit.com\/?p=17169"},"modified":"2026-04-28T12:17:49","modified_gmt":"2026-04-28T12:17:49","slug":"a-giant-investment-in-education-in-beykoz-salim-duzgit-schools-officially-opened-with-a-ceremony","status":"publish","type":"post","link":"https:\/\/www.duzgit.com\/tr\/a-giant-investment-in-education-in-beykoz-salim-duzgit-schools-officially-opened-with-a-ceremony\/","title":{"rendered":"Salim D\u00fczgit Okullar\u0131 T\u00f6renle Resmen A\u00e7\u0131ld\u0131!"},"content":{"rendered":"<p data-path-to-node=\"6\"><strong>Salim D\u00fczgit \u0130lk ve Ortaokulu, \u0130stanbul\u2019un Beykoz il\u00e7esinde hay\u0131rsever D\u00fczgit Ailesi taraf\u0131ndan yapt\u0131r\u0131larak g\u00f6rkemli bir t\u00f6renle \u00f6\u011frencilerin hizmetine a\u00e7\u0131ld\u0131.<\/strong><\/p>\n<p>Beykoz\u2019da e\u011fitim camias\u0131n\u0131 bir araya getiren anlaml\u0131 bir a\u00e7\u0131l\u0131\u015f heyecan\u0131 ya\u015fand\u0131. Modern mimarisi ve tam donan\u0131ml\u0131 s\u0131n\u0131flar\u0131yla \u00f6ne \u00e7\u0131kan Salim D\u00fczgit \u0130lk ve Ortaokulu, Milli E\u011fitim Bakan\u0131 Prof. Dr. Yusuf Tekin\u2019in kat\u0131l\u0131m\u0131yla t\u00f6renle hizmete a\u00e7\u0131ld\u0131.<\/p>\n<p><strong>Bakan Tekin: \u201cE\u011fitime yap\u0131lan yat\u0131r\u0131m, gelece\u011fe yap\u0131lan yat\u0131r\u0131md\u0131r.\u201d<\/strong><\/p>\n<p>A\u00e7\u0131l\u0131\u015f t\u00f6reninde konu\u015fan Milli E\u011fitim Bakan\u0131 Yusuf Tekin, hay\u0131rsever ailelerin e\u011fitime sa\u011flad\u0131\u011f\u0131 deste\u011fin \u00f6nemine vurgu yapt\u0131. Bakan Tekin, \u201cSalim D\u00fczgit ad\u0131na in\u015fa edilen bu okul sadece bir bina de\u011fil; binlerce \u00e7ocu\u011fumuzun gelece\u011fine \u0131\u015f\u0131k tutacak bir ilim yuvas\u0131d\u0131r. Bu anlaml\u0131 ba\u011f\u0131\u015f i\u00e7in D\u00fczgit Ailesi\u2019ne devletimiz ve milletimiz ad\u0131na te\u015fekk\u00fcr ediyorum.\u201d dedi.<\/p>\n<p><iframe title=\"Salim D\u00dcZG\u0130T \u0130lkokulu ve Ortaokulu A\u00e7\u0131l\u0131\u015f T\u00f6reni\" width=\"1200\" height=\"675\" src=\"https:\/\/www.youtube.com\/embed\/gVmNLNEASMI?feature=oembed\" frameborder=\"0\" allow=\"accelerometer; autoplay; clipboard-write; encrypted-media; gyroscope; picture-in-picture; web-share\" referrerpolicy=\"strict-origin-when-cross-origin\" allowfullscreen><\/iframe><\/p>\n<p data-path-to-node=\"11\"><strong>D\u00fczgit Ailesi\u2019nden Duygusal Konu\u015fma<\/strong><\/p>\n<p>D\u00fczgit Ailesi ad\u0131na konu\u015fan temsilciler, merhum Salim D\u00fczgit\u2019in ad\u0131n\u0131 b\u00f6ylesine kal\u0131c\u0131 bir e\u011fitim kurumunda ya\u015fatman\u0131n kendileri i\u00e7in b\u00fcy\u00fck bir onur oldu\u011funu ifade etti. A\u00e7\u0131l\u0131\u015f kurdelesi kesilmeden \u00f6nce sahnelenen halk oyunlar\u0131 g\u00f6sterileri, kat\u0131l\u0131mc\u0131lardan b\u00fcy\u00fck alk\u0131\u015f ald\u0131.<\/p>\n<p><strong>Modern S\u0131n\u0131flar ve \u0130lk Ders Heyecan\u0131<\/strong><\/p>\n<p>Kurdele kesiminin ard\u0131ndan Bakan Tekin ve beraberindeki heyet s\u0131n\u0131flar\u0131 gezerek \u00f6\u011frencilerle bir araya geldi. Ak\u0131ll\u0131 tahtalar ve modern e\u011fitim materyalleriyle donat\u0131lm\u0131\u015f s\u0131n\u0131flarda \u00f6\u011frencilerle sohbet eden Tekin, \u00f6\u011frencilere ba\u015far\u0131 dileklerini iletti.\n\nSalim D\u00fczgit \u0130lk ve Ortaokulu; \u00e7evre dostu yap\u0131s\u0131, spor alanlar\u0131 ve zengin k\u00fct\u00fcphanesiyle b\u00f6lgenin en \u00f6nemli e\u011fitim projelerinden biri olarak \u00f6ne \u00e7\u0131k\u0131yor.<\/p>","protected":false},"excerpt":{"rendered":"<p>The Salim D\u00fczgit Primary and Secondary School, brought to life by the philanthropic D\u00fczgit family in Istanbul&#8217;s Beykoz district, has officially opened its doors to students with a grand ceremony. A meaningful opening excitement was experienced in Beykoz, bringing together the education community. Standing out with its modern architecture and fully equipped classrooms, the Salim [&hellip;]<\/p>\n","protected":false},"author":2,"featured_media":17171,"comment_status":"closed","ping_status":"open","sticky":false,"template":"","format":"standard","meta":{"footnotes":""},"categories":[95],"tags":[],"class_list":["post-17169","post","type-post","status-publish","format-standard","has-post-thumbnail","hentry","category-generic"],"yoast_head":"<!-- This site is optimized with the Yoast SEO plugin v27.4 - https:\/\/yoast.com\/product\/yoast-seo-wordpress\/ -->\n<title>Salim D\u00fczgit Schools Officially Opened with a Ceremony! - D&uuml;zgit<\/title>\n<meta name=\"robots\" content=\"index, follow, max-snippet:-1, max-image-preview:large, max-video-preview:-1\" \/>\n<link rel=\"canonical\" href=\"https:\/\/www.duzgit.com\/tr\/a-giant-investment-in-education-in-beykoz-salim-duzgit-schools-officially-opened-with-a-ceremony\/\" \/>\n<meta property=\"og:locale\" content=\"tr_TR\" \/>\n<meta property=\"og:type\" content=\"article\" \/>\n<meta property=\"og:title\" content=\"Salim D\u00fczgit Schools Officially Opened with a Ceremony! - D&uuml;zgit\" \/>\n<meta property=\"og:description\" content=\"The Salim D\u00fczgit Primary and Secondary School, brought to life by the philanthropic D\u00fczgit family in Istanbul&#8217;s Beykoz district, has officially opened its doors to students with a grand ceremony. A meaningful opening excitement was experienced in Beykoz, bringing together the education community. Standing out with its modern architecture and fully equipped classrooms, the Salim [&hellip;]\" \/>\n<meta property=\"og:url\" content=\"https:\/\/www.duzgit.com\/tr\/a-giant-investment-in-education-in-beykoz-salim-duzgit-schools-officially-opened-with-a-ceremony\/\" \/>\n<meta property=\"og:site_name\" content=\"D&uuml;zgit\" \/>\n<meta property=\"article:published_time\" content=\"2026-04-27T21:41:07+00:00\" \/>\n<meta property=\"article:modified_time\" content=\"2026-04-28T12:17:49+00:00\" \/>\n<meta property=\"og:image\" content=\"https:\/\/www.duzgit.com\/wp-content\/uploads\/2026\/04\/salim-dugit-ilkokulu-ortaokulu-acilisi.jpg\" \/>\n\t<meta property=\"og:image:width\" content=\"1404\" \/>\n\t<meta property=\"og:image:height\" content=\"936\" \/>\n\t<meta property=\"og:image:type\" content=\"image\/jpeg\" \/>\n<meta name=\"author\" content=\"D\u00fczgit\" \/>\n<meta name=\"twitter:card\" content=\"summary_large_image\" \/>\n<meta name=\"twitter:label1\" content=\"Yazan:\" \/>\n\t<meta name=\"twitter:data1\" content=\"D\u00fczgit\" \/>\n\t<meta name=\"twitter:label2\" content=\"Tahmini okuma s\u00fcresi\" \/>\n\t<meta name=\"twitter:data2\" content=\"2 dakika\" \/>\n<script type=\"application\/ld+json\" class=\"yoast-schema-graph\">{\"@context\":\"https:\\\/\\\/schema.org\",\"@graph\":[{\"@type\":\"Article\",\"@id\":\"https:\\\/\\\/www.duzgit.com\\\/a-giant-investment-in-education-in-beykoz-salim-duzgit-schools-officially-opened-with-a-ceremony\\\/#article\",\"isPartOf\":{\"@id\":\"https:\\\/\\\/www.duzgit.com\\\/a-giant-investment-in-education-in-beykoz-salim-duzgit-schools-officially-opened-with-a-ceremony\\\/\"},\"author\":{\"name\":\"D\u00fczgit\",\"@id\":\"https:\\\/\\\/www.duzgit.com\\\/#\\\/schema\\\/person\\\/c37053362521add64c71897e5b0d7798\"},\"headline\":\"Salim D\u00fczgit Schools Officially Opened with a Ceremony!\",\"datePublished\":\"2026-04-27T21:41:07+00:00\",\"dateModified\":\"2026-04-28T12:17:49+00:00\",\"mainEntityOfPage\":{\"@id\":\"https:\\\/\\\/www.duzgit.com\\\/a-giant-investment-in-education-in-beykoz-salim-duzgit-schools-officially-opened-with-a-ceremony\\\/\"},\"wordCount\":311,\"publisher\":{\"@id\":\"https:\\\/\\\/www.duzgit.com\\\/#organization\"},\"image\":{\"@id\":\"https:\\\/\\\/www.duzgit.com\\\/a-giant-investment-in-education-in-beykoz-salim-duzgit-schools-officially-opened-with-a-ceremony\\\/#primaryimage\"},\"thumbnailUrl\":\"https:\\\/\\\/www.duzgit.com\\\/wp-content\\\/uploads\\\/2026\\\/04\\\/salim-dugit-ilkokulu-ortaokulu-acilisi.jpg\",\"articleSection\":[\"Generic\"],\"inLanguage\":\"tr\"},{\"@type\":\"WebPage\",\"@id\":\"https:\\\/\\\/www.duzgit.com\\\/a-giant-investment-in-education-in-beykoz-salim-duzgit-schools-officially-opened-with-a-ceremony\\\/\",\"url\":\"https:\\\/\\\/www.duzgit.com\\\/a-giant-investment-in-education-in-beykoz-salim-duzgit-schools-officially-opened-with-a-ceremony\\\/\",\"name\":\"Salim D\u00fczgit Schools Officially Opened with a Ceremony! - D&uuml;zgit\",\"isPartOf\":{\"@id\":\"https:\\\/\\\/www.duzgit.com\\\/#website\"},\"primaryImageOfPage\":{\"@id\":\"https:\\\/\\\/www.duzgit.com\\\/a-giant-investment-in-education-in-beykoz-salim-duzgit-schools-officially-opened-with-a-ceremony\\\/#primaryimage\"},\"image\":{\"@id\":\"https:\\\/\\\/www.duzgit.com\\\/a-giant-investment-in-education-in-beykoz-salim-duzgit-schools-officially-opened-with-a-ceremony\\\/#primaryimage\"},\"thumbnailUrl\":\"https:\\\/\\\/www.duzgit.com\\\/wp-content\\\/uploads\\\/2026\\\/04\\\/salim-dugit-ilkokulu-ortaokulu-acilisi.jpg\",\"datePublished\":\"2026-04-27T21:41:07+00:00\",\"dateModified\":\"2026-04-28T12:17:49+00:00\",\"breadcrumb\":{\"@id\":\"https:\\\/\\\/www.duzgit.com\\\/a-giant-investment-in-education-in-beykoz-salim-duzgit-schools-officially-opened-with-a-ceremony\\\/#breadcrumb\"},\"inLanguage\":\"tr\",\"potentialAction\":[{\"@type\":\"ReadAction\",\"target\":[\"https:\\\/\\\/www.duzgit.com\\\/a-giant-investment-in-education-in-beykoz-salim-duzgit-schools-officially-opened-with-a-ceremony\\\/\"]}]},{\"@type\":\"ImageObject\",\"inLanguage\":\"tr\",\"@id\":\"https:\\\/\\\/www.duzgit.com\\\/a-giant-investment-in-education-in-beykoz-salim-duzgit-schools-officially-opened-with-a-ceremony\\\/#primaryimage\",\"url\":\"https:\\\/\\\/www.duzgit.com\\\/wp-content\\\/uploads\\\/2026\\\/04\\\/salim-dugit-ilkokulu-ortaokulu-acilisi.jpg\",\"contentUrl\":\"https:\\\/\\\/www.duzgit.com\\\/wp-content\\\/uploads\\\/2026\\\/04\\\/salim-dugit-ilkokulu-ortaokulu-acilisi.jpg\",\"width\":1404,\"height\":936},{\"@type\":\"BreadcrumbList\",\"@id\":\"https:\\\/\\\/www.duzgit.com\\\/a-giant-investment-in-education-in-beykoz-salim-duzgit-schools-officially-opened-with-a-ceremony\\\/#breadcrumb\",\"itemListElement\":[{\"@type\":\"ListItem\",\"position\":1,\"name\":\"Home\",\"item\":\"https:\\\/\\\/www.duzgit.com\\\/\"},{\"@type\":\"ListItem\",\"position\":2,\"name\":\"Salim D\u00fczgit Schools Officially Opened with a Ceremony!\"}]},{\"@type\":\"WebSite\",\"@id\":\"https:\\\/\\\/www.duzgit.com\\\/#website\",\"url\":\"https:\\\/\\\/www.duzgit.com\\\/\",\"name\":\"D\u00fczgit\",\"description\":\"The Power of Turkey at Sea\",\"publisher\":{\"@id\":\"https:\\\/\\\/www.duzgit.com\\\/#organization\"},\"alternateName\":\"D\u00fczgit Group Of Companies\",\"potentialAction\":[{\"@type\":\"SearchAction\",\"target\":{\"@type\":\"EntryPoint\",\"urlTemplate\":\"https:\\\/\\\/www.duzgit.com\\\/?s={search_term_string}\"},\"query-input\":{\"@type\":\"PropertyValueSpecification\",\"valueRequired\":true,\"valueName\":\"search_term_string\"}}],\"inLanguage\":\"tr\"},{\"@type\":\"Organization\",\"@id\":\"https:\\\/\\\/www.duzgit.com\\\/#organization\",\"name\":\"D\u00fczgit\",\"url\":\"https:\\\/\\\/www.duzgit.com\\\/\",\"logo\":{\"@type\":\"ImageObject\",\"inLanguage\":\"tr\",\"@id\":\"https:\\\/\\\/www.duzgit.com\\\/#\\\/schema\\\/logo\\\/image\\\/\",\"url\":\"https:\\\/\\\/www.duzgit.com\\\/wp-content\\\/uploads\\\/2026\\\/01\\\/2026-logo-duzgit-1.png\",\"contentUrl\":\"https:\\\/\\\/www.duzgit.com\\\/wp-content\\\/uploads\\\/2026\\\/01\\\/2026-logo-duzgit-1.png\",\"width\":555,\"height\":100,\"caption\":\"D\u00fczgit\"},\"image\":{\"@id\":\"https:\\\/\\\/www.duzgit.com\\\/#\\\/schema\\\/logo\\\/image\\\/\"}},{\"@type\":\"Person\",\"@id\":\"https:\\\/\\\/www.duzgit.com\\\/#\\\/schema\\\/person\\\/c37053362521add64c71897e5b0d7798\",\"name\":\"D\u00fczgit\",\"image\":{\"@type\":\"ImageObject\",\"inLanguage\":\"tr\",\"@id\":\"https:\\\/\\\/www.duzgit.com\\\/wp-content\\\/uploads\\\/2026\\\/01\\\/2026-logo-duzgit-1-fav-ikon.png\",\"url\":\"https:\\\/\\\/www.duzgit.com\\\/wp-content\\\/uploads\\\/2026\\\/01\\\/2026-logo-duzgit-1-fav-ikon.png\",\"contentUrl\":\"https:\\\/\\\/www.duzgit.com\\\/wp-content\\\/uploads\\\/2026\\\/01\\\/2026-logo-duzgit-1-fav-ikon.png\",\"caption\":\"D\u00fczgit\"},\"sameAs\":[\"https:\\\/\\\/www.duzgit.com\\\/\"]}]}<\/script>\n<!-- \/ Yoast SEO plugin. -->","yoast_head_json":{"title":"Salim D\u00fczgit Schools Officially Opened with a Ceremony! - D&uuml;zgit","robots":{"index":"index","follow":"follow","max-snippet":"max-snippet:-1","max-image-preview":"max-image-preview:large","max-video-preview":"max-video-preview:-1"},"canonical":"https:\/\/www.duzgit.com\/tr\/a-giant-investment-in-education-in-beykoz-salim-duzgit-schools-officially-opened-with-a-ceremony\/","og_locale":"tr_TR","og_type":"article","og_title":"Salim D\u00fczgit Schools Officially Opened with a Ceremony! - D&uuml;zgit","og_description":"The Salim D\u00fczgit Primary and Secondary School, brought to life by the philanthropic D\u00fczgit family in Istanbul&#8217;s Beykoz district, has officially opened its doors to students with a grand ceremony. A meaningful opening excitement was experienced in Beykoz, bringing together the education community. Standing out with its modern architecture and fully equipped classrooms, the Salim [&hellip;]","og_url":"https:\/\/www.duzgit.com\/tr\/a-giant-investment-in-education-in-beykoz-salim-duzgit-schools-officially-opened-with-a-ceremony\/","og_site_name":"D&uuml;zgit","article_published_time":"2026-04-27T21:41:07+00:00","article_modified_time":"2026-04-28T12:17:49+00:00","og_image":[{"width":1404,"height":936,"url":"https:\/\/www.duzgit.com\/wp-content\/uploads\/2026\/04\/salim-dugit-ilkokulu-ortaokulu-acilisi.jpg","type":"image\/jpeg"}],"author":"D\u00fczgit","twitter_card":"summary_large_image","twitter_misc":{"Yazan:":"D\u00fczgit","Tahmini okuma s\u00fcresi":"2 dakika"},"schema":{"@context":"https:\/\/schema.org","@graph":[{"@type":"Article","@id":"https:\/\/www.duzgit.com\/a-giant-investment-in-education-in-beykoz-salim-duzgit-schools-officially-opened-with-a-ceremony\/#article","isPartOf":{"@id":"https:\/\/www.duzgit.com\/a-giant-investment-in-education-in-beykoz-salim-duzgit-schools-officially-opened-with-a-ceremony\/"},"author":{"name":"D\u00fczgit","@id":"https:\/\/www.duzgit.com\/#\/schema\/person\/c37053362521add64c71897e5b0d7798"},"headline":"Salim D\u00fczgit Schools Officially Opened with a Ceremony!","datePublished":"2026-04-27T21:41:07+00:00","dateModified":"2026-04-28T12:17:49+00:00","mainEntityOfPage":{"@id":"https:\/\/www.duzgit.com\/a-giant-investment-in-education-in-beykoz-salim-duzgit-schools-officially-opened-with-a-ceremony\/"},"wordCount":311,"publisher":{"@id":"https:\/\/www.duzgit.com\/#organization"},"image":{"@id":"https:\/\/www.duzgit.com\/a-giant-investment-in-education-in-beykoz-salim-duzgit-schools-officially-opened-with-a-ceremony\/#primaryimage"},"thumbnailUrl":"https:\/\/www.duzgit.com\/wp-content\/uploads\/2026\/04\/salim-dugit-ilkokulu-ortaokulu-acilisi.jpg","articleSection":["Generic"],"inLanguage":"tr"},{"@type":"WebPage","@id":"https:\/\/www.duzgit.com\/a-giant-investment-in-education-in-beykoz-salim-duzgit-schools-officially-opened-with-a-ceremony\/","url":"https:\/\/www.duzgit.com\/a-giant-investment-in-education-in-beykoz-salim-duzgit-schools-officially-opened-with-a-ceremony\/","name":"Salim D\u00fczgit Schools Officially Opened with a Ceremony! - D&uuml;zgit","isPartOf":{"@id":"https:\/\/www.duzgit.com\/#website"},"primaryImageOfPage":{"@id":"https:\/\/www.duzgit.com\/a-giant-investment-in-education-in-beykoz-salim-duzgit-schools-officially-opened-with-a-ceremony\/#primaryimage"},"image":{"@id":"https:\/\/www.duzgit.com\/a-giant-investment-in-education-in-beykoz-salim-duzgit-schools-officially-opened-with-a-ceremony\/#primaryimage"},"thumbnailUrl":"https:\/\/www.duzgit.com\/wp-content\/uploads\/2026\/04\/salim-dugit-ilkokulu-ortaokulu-acilisi.jpg","datePublished":"2026-04-27T21:41:07+00:00","dateModified":"2026-04-28T12:17:49+00:00","breadcrumb":{"@id":"https:\/\/www.duzgit.com\/a-giant-investment-in-education-in-beykoz-salim-duzgit-schools-officially-opened-with-a-ceremony\/#breadcrumb"},"inLanguage":"tr","potentialAction":[{"@type":"ReadAction","target":["https:\/\/www.duzgit.com\/a-giant-investment-in-education-in-beykoz-salim-duzgit-schools-officially-opened-with-a-ceremony\/"]}]},{"@type":"ImageObject","inLanguage":"tr","@id":"https:\/\/www.duzgit.com\/a-giant-investment-in-education-in-beykoz-salim-duzgit-schools-officially-opened-with-a-ceremony\/#primaryimage","url":"https:\/\/www.duzgit.com\/wp-content\/uploads\/2026\/04\/salim-dugit-ilkokulu-ortaokulu-acilisi.jpg","contentUrl":"https:\/\/www.duzgit.com\/wp-content\/uploads\/2026\/04\/salim-dugit-ilkokulu-ortaokulu-acilisi.jpg","width":1404,"height":936},{"@type":"BreadcrumbList","@id":"https:\/\/www.duzgit.com\/a-giant-investment-in-education-in-beykoz-salim-duzgit-schools-officially-opened-with-a-ceremony\/#breadcrumb","itemListElement":[{"@type":"ListItem","position":1,"name":"Home","item":"https:\/\/www.duzgit.com\/"},{"@type":"ListItem","position":2,"name":"Salim D\u00fczgit Schools Officially Opened with a Ceremony!"}]},{"@type":"WebSite","@id":"https:\/\/www.duzgit.com\/#website","url":"https:\/\/www.duzgit.com\/","name":"D\u00fczgit","description":"The Power of Turkey at Sea","publisher":{"@id":"https:\/\/www.duzgit.com\/#organization"},"alternateName":"D\u00fczgit Group Of Companies","potentialAction":[{"@type":"SearchAction","target":{"@type":"EntryPoint","urlTemplate":"https:\/\/www.duzgit.com\/?s={search_term_string}"},"query-input":{"@type":"PropertyValueSpecification","valueRequired":true,"valueName":"search_term_string"}}],"inLanguage":"tr"},{"@type":"Organization","@id":"https:\/\/www.duzgit.com\/#organization","name":"D\u00fczgit","url":"https:\/\/www.duzgit.com\/","logo":{"@type":"ImageObject","inLanguage":"tr","@id":"https:\/\/www.duzgit.com\/#\/schema\/logo\/image\/","url":"https:\/\/www.duzgit.com\/wp-content\/uploads\/2026\/01\/2026-logo-duzgit-1.png","contentUrl":"https:\/\/www.duzgit.com\/wp-content\/uploads\/2026\/01\/2026-logo-duzgit-1.png","width":555,"height":100,"caption":"D\u00fczgit"},"image":{"@id":"https:\/\/www.duzgit.com\/#\/schema\/logo\/image\/"}},{"@type":"Person","@id":"https:\/\/www.duzgit.com\/#\/schema\/person\/c37053362521add64c71897e5b0d7798","name":"D\u00fczgit","image":{"@type":"ImageObject","inLanguage":"tr","@id":"https:\/\/www.duzgit.com\/wp-content\/uploads\/2026\/01\/2026-logo-duzgit-1-fav-ikon.png","url":"https:\/\/www.duzgit.com\/wp-content\/uploads\/2026\/01\/2026-logo-duzgit-1-fav-ikon.png","contentUrl":"https:\/\/www.duzgit.com\/wp-content\/uploads\/2026\/01\/2026-logo-duzgit-1-fav-ikon.png","caption":"D\u00fczgit"},"sameAs":["https:\/\/www.duzgit.com\/"]}]}},"_links":{"self":[{"href":"https:\/\/www.duzgit.com\/tr\/wp-json\/wp\/v2\/posts\/17169","targetHints":{"allow":["GET"]}}],"collection":[{"href":"https:\/\/www.duzgit.com\/tr\/wp-json\/wp\/v2\/posts"}],"about":[{"href":"https:\/\/www.duzgit.com\/tr\/wp-json\/wp\/v2\/types\/post"}],"author":[{"embeddable":true,"href":"https:\/\/www.duzgit.com\/tr\/wp-json\/wp\/v2\/users\/2"}],"replies":[{"embeddable":true,"href":"https:\/\/www.duzgit.com\/tr\/wp-json\/wp\/v2\/comments?post=17169"}],"version-history":[{"count":5,"href":"https:\/\/www.duzgit.com\/tr\/wp-json\/wp\/v2\/posts\/17169\/revisions"}],"predecessor-version":[{"id":17175,"href":"https:\/\/www.duzgit.com\/tr\/wp-json\/wp\/v2\/posts\/17169\/revisions\/17175"}],"wp:featuredmedia":[{"embeddable":true,"href":"https:\/\/www.duzgit.com\/tr\/wp-json\/wp\/v2\/media\/17171"}],"wp:attachment":[{"href":"https:\/\/www.duzgit.com\/tr\/wp-json\/wp\/v2\/media?parent=17169"}],"wp:term":[{"taxonomy":"category","embeddable":true,"href":"https:\/\/www.duzgit.com\/tr\/wp-json\/wp\/v2\/categories?post=17169"},{"taxonomy":"post_tag","embeddable":true,"href":"https:\/\/www.duzgit.com\/tr\/wp-json\/wp\/v2\/tags?post=17169"}],"curies":[{"name":"wp","href":"https:\/\/api.w.org\/{rel}","templated":true}]}}